{"id":992,"date":"2023-11-16T09:47:39","date_gmt":"2023-11-16T08:47:39","guid":{"rendered":"https:\/\/itecon.es\/blog\/?p=992"},"modified":"2025-05-19T10:13:35","modified_gmt":"2025-05-19T08:13:35","slug":"itecon-thermal-de-luxe-tumbona-termica-lujo","status":"publish","type":"post","link":"https:\/\/itecon.es\/blog\/itecon-thermal-de-luxe-tumbona-termica-lujo\/","title":{"rendered":"Itecon crea la tumbona termica \u00abThermal de Luxe\u00bb"},"content":{"rendered":"\n<div class=\"wp-block-media-text has-media-on-the-right is-stacked-on-mobile\" style=\"margin-right:0;margin-left:0;padding-top:0;padding-bottom:0;grid-template-columns:auto 43%\"><div class=\"wp-block-media-text__content\">\n<p class=\"has-small-font-size\">ITECON supera con \u00e9xito el ultimo reto planteado a su equipo t\u00e9cnico: la producci\u00f3n de una tumbona t\u00e9rmica que satisfaga al cliente mas exigente ya sea particular como hoteles con centros SPA de alto standing , donde ITECON cuenta con una ampl\u00edsima experiencia.<\/p>\n\n\n\n<p class=\"has-small-font-size\">La tumbona \u00abTHERMAL DELUXE\u00bb a\u00fana a la perfecci\u00f3n la sofisticaci\u00f3n de lineas depuradas elegante y moderna con el empleo de la tecnolog\u00eda puesta al servicio del bienestar.<\/p>\n<\/div><figure class=\"wp-block-media-text__media\"><img fetchpriority=\"high\" decoding=\"async\" width=\"400\" height=\"300\" src=\"https:\/\/itecon.es\/blog\/wp-content\/uploads\/2023\/11\/image-9.png\" alt=\"\" class=\"wp-image-1002 size-full\" srcset=\"https:\/\/itecon.es\/blog\/wp-content\/uploads\/2023\/11\/image-9.png 400w, https:\/\/itecon.es\/blog\/wp-content\/uploads\/2023\/11\/image-9-300x225.png 300w\" sizes=\"(max-width: 400px) 100vw, 400px\" \/><\/figure><\/div>\n\n\n\n<div class=\"wp-block-media-text is-stacked-on-mobile\"><figure class=\"wp-block-media-text__media\"><img decoding=\"async\" width=\"400\" height=\"265\" src=\"https:\/\/itecon.es\/blog\/wp-content\/uploads\/2023\/11\/image-11.png\" alt=\"\" class=\"wp-image-1004 size-full\" srcset=\"https:\/\/itecon.es\/blog\/wp-content\/uploads\/2023\/11\/image-11.png 400w, https:\/\/itecon.es\/blog\/wp-content\/uploads\/2023\/11\/image-11-300x199.png 300w\" sizes=\"(max-width: 400px) 100vw, 400px\" \/><\/figure><div class=\"wp-block-media-text__content\">\n<p class=\"has-text-align-left has-small-font-size\">Esta fabricada con maderas nobles , tratadas por alta frecuencia para garantizar la durabilidad, as\u00ed como una sensaci\u00f3n de confort imposible de alcanzar con los acabados cer\u00e1micos. A su vez cuenta con un termostato para controlar la temperatura que oscila entre 36\u00ba-38\u00ba.<\/p>\n\n\n\n<p class=\"has-small-font-size\">Es por todo ello , desde ITECON estamos seguros , esta tumbona no dejara indiferente a ning\u00fan cliente.<\/p>\n<\/div><\/div>\n","protected":false},"excerpt":{"rendered":"<p>ITECON supera con \u00e9xito el ultimo reto planteado a su equipo t\u00e9cnico: la producci\u00f3n de una tumbona t\u00e9rmica que satisfaga al cliente mas exigente ya sea particular como hoteles con centros SPA de alto standing , donde ITECON cuenta con una ampl\u00edsima experiencia. La tumbona \u00abTHERMAL DELUXE\u00bb a\u00fana a la perfecci\u00f3n la sofisticaci\u00f3n de lineas [&hellip;]<\/p>\n","protected":false},"author":1,"featured_media":1023,"comment_status":"open","ping_status":"open","sticky":false,"template":"","format":"standard","meta":{"footnotes":""},"categories":[70],"tags":[],"yoast_head":"<!-- This site is optimized with the Yoast SEO plugin v21.5 - https:\/\/yoast.com\/wordpress\/plugins\/seo\/ -->\n<title>ITECON Thermal de Luxe: La Tumbona T\u00e9rmica de Lujo para Spas<\/title>\n<meta name=\"description\" content=\"Nueva tumbona t\u00e9rmica de lujo ITECON Thermal de Luxe para spas. Dise\u00f1o exclusivo y m\u00e1ximo relax para una experiencia \u00fanica. -\" \/>\n<meta name=\"robots\" content=\"index, follow, max-snippet:-1, max-image-preview:large, max-video-preview:-1\" \/>\n<link rel=\"canonical\" href=\"https:\/\/itecon.es\/blog\/itecon-thermal-de-luxe-tumbona-termica-lujo\/\" \/>\n<meta property=\"og:locale\" content=\"es_ES\" \/>\n<meta property=\"og:type\" content=\"article\" \/>\n<meta property=\"og:title\" content=\"ITECON Thermal de Luxe: La Tumbona T\u00e9rmica de Lujo para Spas\" \/>\n<meta property=\"og:description\" content=\"Nueva tumbona t\u00e9rmica de lujo ITECON Thermal de Luxe para spas. Dise\u00f1o exclusivo y m\u00e1ximo relax para una experiencia \u00fanica. -\" \/>\n<meta property=\"og:url\" content=\"https:\/\/itecon.es\/blog\/itecon-thermal-de-luxe-tumbona-termica-lujo\/\" \/>\n<meta property=\"og:site_name\" content=\"Itecon | Wellness and Spa Design\" \/>\n<meta property=\"article:published_time\" content=\"2023-11-16T08:47:39+00:00\" \/>\n<meta property=\"article:modified_time\" content=\"2025-05-19T08:13:35+00:00\" \/>\n<meta property=\"og:image\" content=\"https:\/\/itecon.es\/blog\/wp-content\/uploads\/2023\/11\/image-3-1.png\" \/>\n\t<meta property=\"og:image:width\" content=\"600\" \/>\n\t<meta property=\"og:image:height\" content=\"379\" \/>\n\t<meta property=\"og:image:type\" content=\"image\/png\" \/>\n<meta name=\"author\" content=\"QPGMR\" \/>\n<meta name=\"twitter:card\" content=\"summary_large_image\" \/>\n<meta name=\"twitter:label1\" content=\"Escrito por\" \/>\n\t<meta name=\"twitter:data1\" content=\"QPGMR\" \/>\n\t<meta name=\"twitter:label2\" content=\"Tiempo de lectura\" \/>\n\t<meta name=\"twitter:data2\" content=\"1 minuto\" \/>\n<script type=\"application\/ld+json\" class=\"yoast-schema-graph\">{\"@context\":\"https:\/\/schema.org\",\"@graph\":[{\"@type\":\"Article\",\"@id\":\"https:\/\/itecon.es\/blog\/itecon-thermal-de-luxe-tumbona-termica-lujo\/#article\",\"isPartOf\":{\"@id\":\"https:\/\/itecon.es\/blog\/itecon-thermal-de-luxe-tumbona-termica-lujo\/\"},\"author\":{\"name\":\"QPGMR\",\"@id\":\"https:\/\/itecon.es\/blog\/#\/schema\/person\/cc82af1c8dcd62761e8c9a403ee2afcb\"},\"headline\":\"Itecon crea la tumbona termica \u00abThermal de Luxe\u00bb\",\"datePublished\":\"2023-11-16T08:47:39+00:00\",\"dateModified\":\"2025-05-19T08:13:35+00:00\",\"mainEntityOfPage\":{\"@id\":\"https:\/\/itecon.es\/blog\/itecon-thermal-de-luxe-tumbona-termica-lujo\/\"},\"wordCount\":145,\"commentCount\":0,\"publisher\":{\"@id\":\"https:\/\/itecon.es\/blog\/#organization\"},\"articleSection\":[\"Tumbona T\u00e9rmica\"],\"inLanguage\":\"es\",\"potentialAction\":[{\"@type\":\"CommentAction\",\"name\":\"Comment\",\"target\":[\"https:\/\/itecon.es\/blog\/itecon-thermal-de-luxe-tumbona-termica-lujo\/#respond\"]}]},{\"@type\":\"WebPage\",\"@id\":\"https:\/\/itecon.es\/blog\/itecon-thermal-de-luxe-tumbona-termica-lujo\/\",\"url\":\"https:\/\/itecon.es\/blog\/itecon-thermal-de-luxe-tumbona-termica-lujo\/\",\"name\":\"ITECON Thermal de Luxe: La Tumbona T\u00e9rmica de Lujo para Spas\",\"isPartOf\":{\"@id\":\"https:\/\/itecon.es\/blog\/#website\"},\"datePublished\":\"2023-11-16T08:47:39+00:00\",\"dateModified\":\"2025-05-19T08:13:35+00:00\",\"description\":\"Nueva tumbona t\u00e9rmica de lujo ITECON Thermal de Luxe para spas. Dise\u00f1o exclusivo y m\u00e1ximo relax para una experiencia \u00fanica. -\",\"breadcrumb\":{\"@id\":\"https:\/\/itecon.es\/blog\/itecon-thermal-de-luxe-tumbona-termica-lujo\/#breadcrumb\"},\"inLanguage\":\"es\",\"potentialAction\":[{\"@type\":\"ReadAction\",\"target\":[\"https:\/\/itecon.es\/blog\/itecon-thermal-de-luxe-tumbona-termica-lujo\/\"]}]},{\"@type\":\"BreadcrumbList\",\"@id\":\"https:\/\/itecon.es\/blog\/itecon-thermal-de-luxe-tumbona-termica-lujo\/#breadcrumb\",\"itemListElement\":[{\"@type\":\"ListItem\",\"position\":1,\"name\":\"Portada\",\"item\":\"https:\/\/itecon.es\/blog\/\"},{\"@type\":\"ListItem\",\"position\":2,\"name\":\"Itecon crea la tumbona termica \u00abThermal de Luxe\u00bb\"}]},{\"@type\":\"WebSite\",\"@id\":\"https:\/\/itecon.es\/blog\/#website\",\"url\":\"https:\/\/itecon.es\/blog\/\",\"name\":\"Itecon | Wellness and Spa Design\",\"description\":\"\",\"publisher\":{\"@id\":\"https:\/\/itecon.es\/blog\/#organization\"},\"potentialAction\":[{\"@type\":\"SearchAction\",\"target\":{\"@type\":\"EntryPoint\",\"urlTemplate\":\"https:\/\/itecon.es\/blog\/?s={search_term_string}\"},\"query-input\":\"required name=search_term_string\"}],\"inLanguage\":\"es\"},{\"@type\":\"Organization\",\"@id\":\"https:\/\/itecon.es\/blog\/#organization\",\"name\":\"Itecon | Wellness and Spa Design\",\"url\":\"https:\/\/itecon.es\/blog\/\",\"logo\":{\"@type\":\"ImageObject\",\"inLanguage\":\"es\",\"@id\":\"https:\/\/itecon.es\/blog\/#\/schema\/logo\/image\/\",\"url\":\"https:\/\/itecon.es\/blog\/wp-content\/uploads\/2023\/11\/logo-itecon-2.svg\",\"contentUrl\":\"https:\/\/itecon.es\/blog\/wp-content\/uploads\/2023\/11\/logo-itecon-2.svg\",\"width\":130,\"height\":39,\"caption\":\"Itecon | Wellness and Spa Design\"},\"image\":{\"@id\":\"https:\/\/itecon.es\/blog\/#\/schema\/logo\/image\/\"}},{\"@type\":\"Person\",\"@id\":\"https:\/\/itecon.es\/blog\/#\/schema\/person\/cc82af1c8dcd62761e8c9a403ee2afcb\",\"name\":\"QPGMR\",\"image\":{\"@type\":\"ImageObject\",\"inLanguage\":\"es\",\"@id\":\"https:\/\/itecon.es\/blog\/#\/schema\/person\/image\/\",\"url\":\"https:\/\/secure.gravatar.com\/avatar\/92f76fde99da484a34a4255b583e74f5?s=96&d=mm&r=g\",\"contentUrl\":\"https:\/\/secure.gravatar.com\/avatar\/92f76fde99da484a34a4255b583e74f5?s=96&d=mm&r=g\",\"caption\":\"QPGMR\"},\"sameAs\":[\"https:\/\/itecon.es\/blog\"],\"url\":\"https:\/\/itecon.es\/blog\/author\/qpgmr\/\"}]}<\/script>\n<!-- \/ Yoast SEO plugin. -->","yoast_head_json":{"title":"ITECON Thermal de Luxe: La Tumbona T\u00e9rmica de Lujo para Spas","description":"Nueva tumbona t\u00e9rmica de lujo ITECON Thermal de Luxe para spas. Dise\u00f1o exclusivo y m\u00e1ximo relax para una experiencia \u00fanica. -","robots":{"index":"index","follow":"follow","max-snippet":"max-snippet:-1","max-image-preview":"max-image-preview:large","max-video-preview":"max-video-preview:-1"},"canonical":"https:\/\/itecon.es\/blog\/itecon-thermal-de-luxe-tumbona-termica-lujo\/","og_locale":"es_ES","og_type":"article","og_title":"ITECON Thermal de Luxe: La Tumbona T\u00e9rmica de Lujo para Spas","og_description":"Nueva tumbona t\u00e9rmica de lujo ITECON Thermal de Luxe para spas. Dise\u00f1o exclusivo y m\u00e1ximo relax para una experiencia \u00fanica. -","og_url":"https:\/\/itecon.es\/blog\/itecon-thermal-de-luxe-tumbona-termica-lujo\/","og_site_name":"Itecon | Wellness and Spa Design","article_published_time":"2023-11-16T08:47:39+00:00","article_modified_time":"2025-05-19T08:13:35+00:00","og_image":[{"width":600,"height":379,"url":"https:\/\/itecon.es\/blog\/wp-content\/uploads\/2023\/11\/image-3-1.png","type":"image\/png"}],"author":"QPGMR","twitter_card":"summary_large_image","twitter_misc":{"Escrito por":"QPGMR","Tiempo de lectura":"1 minuto"},"schema":{"@context":"https:\/\/schema.org","@graph":[{"@type":"Article","@id":"https:\/\/itecon.es\/blog\/itecon-thermal-de-luxe-tumbona-termica-lujo\/#article","isPartOf":{"@id":"https:\/\/itecon.es\/blog\/itecon-thermal-de-luxe-tumbona-termica-lujo\/"},"author":{"name":"QPGMR","@id":"https:\/\/itecon.es\/blog\/#\/schema\/person\/cc82af1c8dcd62761e8c9a403ee2afcb"},"headline":"Itecon crea la tumbona termica \u00abThermal de Luxe\u00bb","datePublished":"2023-11-16T08:47:39+00:00","dateModified":"2025-05-19T08:13:35+00:00","mainEntityOfPage":{"@id":"https:\/\/itecon.es\/blog\/itecon-thermal-de-luxe-tumbona-termica-lujo\/"},"wordCount":145,"commentCount":0,"publisher":{"@id":"https:\/\/itecon.es\/blog\/#organization"},"articleSection":["Tumbona T\u00e9rmica"],"inLanguage":"es","potentialAction":[{"@type":"CommentAction","name":"Comment","target":["https:\/\/itecon.es\/blog\/itecon-thermal-de-luxe-tumbona-termica-lujo\/#respond"]}]},{"@type":"WebPage","@id":"https:\/\/itecon.es\/blog\/itecon-thermal-de-luxe-tumbona-termica-lujo\/","url":"https:\/\/itecon.es\/blog\/itecon-thermal-de-luxe-tumbona-termica-lujo\/","name":"ITECON Thermal de Luxe: La Tumbona T\u00e9rmica de Lujo para Spas","isPartOf":{"@id":"https:\/\/itecon.es\/blog\/#website"},"datePublished":"2023-11-16T08:47:39+00:00","dateModified":"2025-05-19T08:13:35+00:00","description":"Nueva tumbona t\u00e9rmica de lujo ITECON Thermal de Luxe para spas. Dise\u00f1o exclusivo y m\u00e1ximo relax para una experiencia \u00fanica. -","breadcrumb":{"@id":"https:\/\/itecon.es\/blog\/itecon-thermal-de-luxe-tumbona-termica-lujo\/#breadcrumb"},"inLanguage":"es","potentialAction":[{"@type":"ReadAction","target":["https:\/\/itecon.es\/blog\/itecon-thermal-de-luxe-tumbona-termica-lujo\/"]}]},{"@type":"BreadcrumbList","@id":"https:\/\/itecon.es\/blog\/itecon-thermal-de-luxe-tumbona-termica-lujo\/#breadcrumb","itemListElement":[{"@type":"ListItem","position":1,"name":"Portada","item":"https:\/\/itecon.es\/blog\/"},{"@type":"ListItem","position":2,"name":"Itecon crea la tumbona termica \u00abThermal de Luxe\u00bb"}]},{"@type":"WebSite","@id":"https:\/\/itecon.es\/blog\/#website","url":"https:\/\/itecon.es\/blog\/","name":"Itecon | Wellness and Spa Design","description":"","publisher":{"@id":"https:\/\/itecon.es\/blog\/#organization"},"potentialAction":[{"@type":"SearchAction","target":{"@type":"EntryPoint","urlTemplate":"https:\/\/itecon.es\/blog\/?s={search_term_string}"},"query-input":"required name=search_term_string"}],"inLanguage":"es"},{"@type":"Organization","@id":"https:\/\/itecon.es\/blog\/#organization","name":"Itecon | Wellness and Spa Design","url":"https:\/\/itecon.es\/blog\/","logo":{"@type":"ImageObject","inLanguage":"es","@id":"https:\/\/itecon.es\/blog\/#\/schema\/logo\/image\/","url":"https:\/\/itecon.es\/blog\/wp-content\/uploads\/2023\/11\/logo-itecon-2.svg","contentUrl":"https:\/\/itecon.es\/blog\/wp-content\/uploads\/2023\/11\/logo-itecon-2.svg","width":130,"height":39,"caption":"Itecon | Wellness and Spa Design"},"image":{"@id":"https:\/\/itecon.es\/blog\/#\/schema\/logo\/image\/"}},{"@type":"Person","@id":"https:\/\/itecon.es\/blog\/#\/schema\/person\/cc82af1c8dcd62761e8c9a403ee2afcb","name":"QPGMR","image":{"@type":"ImageObject","inLanguage":"es","@id":"https:\/\/itecon.es\/blog\/#\/schema\/person\/image\/","url":"https:\/\/secure.gravatar.com\/avatar\/92f76fde99da484a34a4255b583e74f5?s=96&d=mm&r=g","contentUrl":"https:\/\/secure.gravatar.com\/avatar\/92f76fde99da484a34a4255b583e74f5?s=96&d=mm&r=g","caption":"QPGMR"},"sameAs":["https:\/\/itecon.es\/blog"],"url":"https:\/\/itecon.es\/blog\/author\/qpgmr\/"}]}},"_links":{"self":[{"href":"https:\/\/itecon.es\/blog\/wp-json\/wp\/v2\/posts\/992"}],"collection":[{"href":"https:\/\/itecon.es\/blog\/wp-json\/wp\/v2\/posts"}],"about":[{"href":"https:\/\/itecon.es\/blog\/wp-json\/wp\/v2\/types\/post"}],"author":[{"embeddable":true,"href":"https:\/\/itecon.es\/blog\/wp-json\/wp\/v2\/users\/1"}],"replies":[{"embeddable":true,"href":"https:\/\/itecon.es\/blog\/wp-json\/wp\/v2\/comments?post=992"}],"version-history":[{"count":4,"href":"https:\/\/itecon.es\/blog\/wp-json\/wp\/v2\/posts\/992\/revisions"}],"predecessor-version":[{"id":1024,"href":"https:\/\/itecon.es\/blog\/wp-json\/wp\/v2\/posts\/992\/revisions\/1024"}],"wp:featuredmedia":[{"embeddable":true,"href":"https:\/\/itecon.es\/blog\/wp-json\/wp\/v2\/media\/1023"}],"wp:attachment":[{"href":"https:\/\/itecon.es\/blog\/wp-json\/wp\/v2\/media?parent=992"}],"wp:term":[{"taxonomy":"category","embeddable":true,"href":"https:\/\/itecon.es\/blog\/wp-json\/wp\/v2\/categories?post=992"},{"taxonomy":"post_tag","embeddable":true,"href":"https:\/\/itecon.es\/blog\/wp-json\/wp\/v2\/tags?post=992"}],"curies":[{"name":"wp","href":"https:\/\/api.w.org\/{rel}","templated":true}]}}